{"id":2206,"date":"2025-11-06T14:13:16","date_gmt":"2025-11-06T13:13:16","guid":{"rendered":"https:\/\/laclassedulama.fr\/blog\/?p=2206"},"modified":"2025-11-06T14:18:25","modified_gmt":"2025-11-06T13:18:25","slug":"non-au-harcelement-scolaire","status":"publish","type":"post","link":"https:\/\/laclassedulama.fr\/blog\/2025\/11\/06\/non-au-harcelement-scolaire\/","title":{"rendered":"Non au harc\u00e8lement scolaire"},"content":{"rendered":"\n<p>Suzie et Serge s&rsquo;associent aux actions men\u00e9es par les classes de Mme Hombert et Mme Beune, de l&rsquo;\u00e9cole maternelle Falli\u00e8res d&rsquo;H\u00e9nin-Beaumont dans le cadre de la journ\u00e9e nationale de lutte contre le harc\u00e8lement 2025.<\/p>\n\n\n\n<figure class=\"wp-block-image size-large\"><img loading=\"lazy\" decoding=\"async\" width=\"1024\" height=\"1024\" src=\"https:\/\/laclassedulama.fr\/blog\/wp-content\/uploads\/2025\/11\/C41FC667-A1E4-4927-AF33-2AB34C2A888B-1024x1024.jpg\" alt=\"\" class=\"wp-image-2207\" srcset=\"https:\/\/laclassedulama.fr\/blog\/wp-content\/uploads\/2025\/11\/C41FC667-A1E4-4927-AF33-2AB34C2A888B-1024x1024.jpg 1024w, https:\/\/laclassedulama.fr\/blog\/wp-content\/uploads\/2025\/11\/C41FC667-A1E4-4927-AF33-2AB34C2A888B-300x300.jpg 300w, https:\/\/laclassedulama.fr\/blog\/wp-content\/uploads\/2025\/11\/C41FC667-A1E4-4927-AF33-2AB34C2A888B-150x150.jpg 150w, https:\/\/laclassedulama.fr\/blog\/wp-content\/uploads\/2025\/11\/C41FC667-A1E4-4927-AF33-2AB34C2A888B-768x768.jpg 768w, https:\/\/laclassedulama.fr\/blog\/wp-content\/uploads\/2025\/11\/C41FC667-A1E4-4927-AF33-2AB34C2A888B.jpg 1105w\" sizes=\"auto, (max-width: 1024px) 100vw, 1024px\" \/><\/figure>\n\n\n\n<p><\/p>\n","protected":false},"excerpt":{"rendered":"<p>Suzie et Serge s&rsquo;associent aux actions men\u00e9es par les classes de Mme Hombert et Mme Beune, de l&rsquo;\u00e9cole maternelle Falli\u00e8res d&rsquo;H\u00e9nin-Beaumont dans le cadre de la journ\u00e9e nationale de lutte contre le harc\u00e8lement 2025.<\/p>\n","protected":false},"author":1,"featured_media":2207,"comment_status":"open","ping_status":"open","sticky":false,"template":"","format":"standard","meta":{"footnotes":""},"categories":[1],"tags":[],"class_list":["post-2206","post","type-post","status-publish","format-standard","has-post-thumbnail","hentry","category-non-classe"],"_links":{"self":[{"href":"https:\/\/laclassedulama.fr\/blog\/wp-json\/wp\/v2\/posts\/2206","targetHints":{"allow":["GET"]}}],"collection":[{"href":"https:\/\/laclassedulama.fr\/blog\/wp-json\/wp\/v2\/posts"}],"about":[{"href":"https:\/\/laclassedulama.fr\/blog\/wp-json\/wp\/v2\/types\/post"}],"author":[{"embeddable":true,"href":"https:\/\/laclassedulama.fr\/blog\/wp-json\/wp\/v2\/users\/1"}],"replies":[{"embeddable":true,"href":"https:\/\/laclassedulama.fr\/blog\/wp-json\/wp\/v2\/comments?post=2206"}],"version-history":[{"count":5,"href":"https:\/\/laclassedulama.fr\/blog\/wp-json\/wp\/v2\/posts\/2206\/revisions"}],"predecessor-version":[{"id":2213,"href":"https:\/\/laclassedulama.fr\/blog\/wp-json\/wp\/v2\/posts\/2206\/revisions\/2213"}],"wp:featuredmedia":[{"embeddable":true,"href":"https:\/\/laclassedulama.fr\/blog\/wp-json\/wp\/v2\/media\/2207"}],"wp:attachment":[{"href":"https:\/\/laclassedulama.fr\/blog\/wp-json\/wp\/v2\/media?parent=2206"}],"wp:term":[{"taxonomy":"category","embeddable":true,"href":"https:\/\/laclassedulama.fr\/blog\/wp-json\/wp\/v2\/categories?post=2206"},{"taxonomy":"post_tag","embeddable":true,"href":"https:\/\/laclassedulama.fr\/blog\/wp-json\/wp\/v2\/tags?post=2206"}],"curies":[{"name":"wp","href":"https:\/\/api.w.org\/{rel}","templated":true}]}}