{"id":2828,"date":"2026-04-17T12:52:47","date_gmt":"2026-04-17T10:52:47","guid":{"rendered":"https:\/\/laclassedulama.fr\/blog\/?p=2828"},"modified":"2026-04-17T12:55:37","modified_gmt":"2026-04-17T10:55:37","slug":"suzie-et-les-mots-courageux","status":"publish","type":"post","link":"https:\/\/laclassedulama.fr\/blog\/2026\/04\/17\/suzie-et-les-mots-courageux\/","title":{"rendered":"Suzie et les mots courageux"},"content":{"rendered":"\n<p>D\u00e9couvrez une nouvelle histoire de Suzie qui parvient \u00e0 exprimer ses sentiments quand une situation la d\u00e9range, gr\u00e2ce au <strong>message clair<\/strong>.<\/p>\n\n\n\n<figure class=\"wp-block-gallery has-nested-images columns-default is-cropped wp-block-gallery-1 is-layout-flex wp-block-gallery-is-layout-flex\">\n<figure class=\"wp-block-image size-large\"><img loading=\"lazy\" decoding=\"async\" width=\"903\" height=\"1024\" data-id=\"2829\" src=\"https:\/\/laclassedulama.fr\/blog\/wp-content\/uploads\/2026\/04\/suzie_mots_courageux_extrait_1-903x1024.jpeg\" alt=\"\" class=\"wp-image-2829\" srcset=\"https:\/\/laclassedulama.fr\/blog\/wp-content\/uploads\/2026\/04\/suzie_mots_courageux_extrait_1-903x1024.jpeg 903w, https:\/\/laclassedulama.fr\/blog\/wp-content\/uploads\/2026\/04\/suzie_mots_courageux_extrait_1-264x300.jpeg 264w, https:\/\/laclassedulama.fr\/blog\/wp-content\/uploads\/2026\/04\/suzie_mots_courageux_extrait_1-768x871.jpeg 768w, https:\/\/laclassedulama.fr\/blog\/wp-content\/uploads\/2026\/04\/suzie_mots_courageux_extrait_1.jpeg 936w\" sizes=\"auto, (max-width: 903px) 100vw, 903px\" \/><\/figure>\n\n\n\n<figure class=\"wp-block-image size-large\"><img loading=\"lazy\" decoding=\"async\" width=\"903\" height=\"1024\" data-id=\"2831\" src=\"https:\/\/laclassedulama.fr\/blog\/wp-content\/uploads\/2026\/04\/suzie_mots_courageux_extrait_2-903x1024.png\" alt=\"\" class=\"wp-image-2831\" srcset=\"https:\/\/laclassedulama.fr\/blog\/wp-content\/uploads\/2026\/04\/suzie_mots_courageux_extrait_2-903x1024.png 903w, https:\/\/laclassedulama.fr\/blog\/wp-content\/uploads\/2026\/04\/suzie_mots_courageux_extrait_2-264x300.png 264w, https:\/\/laclassedulama.fr\/blog\/wp-content\/uploads\/2026\/04\/suzie_mots_courageux_extrait_2-768x871.png 768w, https:\/\/laclassedulama.fr\/blog\/wp-content\/uploads\/2026\/04\/suzie_mots_courageux_extrait_2.png 936w\" sizes=\"auto, (max-width: 903px) 100vw, 903px\" \/><\/figure>\n\n\n\n<figure class=\"wp-block-image size-large\"><img loading=\"lazy\" decoding=\"async\" width=\"901\" height=\"1024\" data-id=\"2830\" src=\"https:\/\/laclassedulama.fr\/blog\/wp-content\/uploads\/2026\/04\/suzie_mots_courageux_extrait_3-901x1024.jpeg\" alt=\"\" class=\"wp-image-2830\" srcset=\"https:\/\/laclassedulama.fr\/blog\/wp-content\/uploads\/2026\/04\/suzie_mots_courageux_extrait_3-901x1024.jpeg 901w, https:\/\/laclassedulama.fr\/blog\/wp-content\/uploads\/2026\/04\/suzie_mots_courageux_extrait_3-264x300.jpeg 264w, https:\/\/laclassedulama.fr\/blog\/wp-content\/uploads\/2026\/04\/suzie_mots_courageux_extrait_3-768x873.jpeg 768w, https:\/\/laclassedulama.fr\/blog\/wp-content\/uploads\/2026\/04\/suzie_mots_courageux_extrait_3.jpeg 934w\" sizes=\"auto, (max-width: 901px) 100vw, 901px\" \/><\/figure>\n<\/figure>\n\n\n\n<p>Cette histoire, en PDF et en vid\u00e9o, s&rsquo;accompagne de <strong>ressources<\/strong> pour travailler autour de l&rsquo;album et de la m\u00e9thode <strong>OBSD<\/strong> de la <strong>Communication Non Violente<\/strong> (affiches, marionnettes \u00e0 d\u00e9couper, coloriages).<\/p>\n\n\n\n<figure class=\"wp-block-image size-large\"><img loading=\"lazy\" decoding=\"async\" width=\"1024\" height=\"724\" src=\"https:\/\/laclassedulama.fr\/blog\/wp-content\/uploads\/2026\/04\/affiche_cursive-1024x724.jpg\" alt=\"\" class=\"wp-image-2822\" srcset=\"https:\/\/laclassedulama.fr\/blog\/wp-content\/uploads\/2026\/04\/affiche_cursive-1024x724.jpg 1024w, https:\/\/laclassedulama.fr\/blog\/wp-content\/uploads\/2026\/04\/affiche_cursive-300x212.jpg 300w, https:\/\/laclassedulama.fr\/blog\/wp-content\/uploads\/2026\/04\/affiche_cursive-768x543.jpg 768w, https:\/\/laclassedulama.fr\/blog\/wp-content\/uploads\/2026\/04\/affiche_cursive-1536x1086.jpg 1536w, https:\/\/laclassedulama.fr\/blog\/wp-content\/uploads\/2026\/04\/affiche_cursive-2048x1448.jpg 2048w\" sizes=\"auto, (max-width: 1024px) 100vw, 1024px\" \/><\/figure>\n\n\n\n<p>Pour en savoir plus : <a href=\"https:\/\/laclassedulama.fr\/blog\/histoire-suzie-et-les-mots-courageux\/\" data-type=\"page\" data-id=\"2787\">la page de Suzie et les mots courageux<\/a><\/p>\n\n\n\n<p><\/p>\n","protected":false},"excerpt":{"rendered":"<p>D\u00e9couvrez une nouvelle histoire de Suzie qui parvient \u00e0 exprimer ses sentiments quand une situation la d\u00e9range, gr\u00e2ce au message clair. Cette histoire, en PDF et en vid\u00e9o, s&rsquo;accompagne de ressources pour travailler autour de l&rsquo;album et de la m\u00e9thode OBSD de la Communication Non Violente (affiches, marionnettes \u00e0 d\u00e9couper, coloriages). Pour en savoir plus [&hellip;]<\/p>\n","protected":false},"author":1,"featured_media":2794,"comment_status":"open","ping_status":"open","sticky":false,"template":"","format":"standard","meta":{"footnotes":""},"categories":[5],"tags":[],"class_list":["post-2828","post","type-post","status-publish","format-standard","has-post-thumbnail","hentry","category-infos"],"_links":{"self":[{"href":"https:\/\/laclassedulama.fr\/blog\/wp-json\/wp\/v2\/posts\/2828","targetHints":{"allow":["GET"]}}],"collection":[{"href":"https:\/\/laclassedulama.fr\/blog\/wp-json\/wp\/v2\/posts"}],"about":[{"href":"https:\/\/laclassedulama.fr\/blog\/wp-json\/wp\/v2\/types\/post"}],"author":[{"embeddable":true,"href":"https:\/\/laclassedulama.fr\/blog\/wp-json\/wp\/v2\/users\/1"}],"replies":[{"embeddable":true,"href":"https:\/\/laclassedulama.fr\/blog\/wp-json\/wp\/v2\/comments?post=2828"}],"version-history":[{"count":3,"href":"https:\/\/laclassedulama.fr\/blog\/wp-json\/wp\/v2\/posts\/2828\/revisions"}],"predecessor-version":[{"id":2834,"href":"https:\/\/laclassedulama.fr\/blog\/wp-json\/wp\/v2\/posts\/2828\/revisions\/2834"}],"wp:featuredmedia":[{"embeddable":true,"href":"https:\/\/laclassedulama.fr\/blog\/wp-json\/wp\/v2\/media\/2794"}],"wp:attachment":[{"href":"https:\/\/laclassedulama.fr\/blog\/wp-json\/wp\/v2\/media?parent=2828"}],"wp:term":[{"taxonomy":"category","embeddable":true,"href":"https:\/\/laclassedulama.fr\/blog\/wp-json\/wp\/v2\/categories?post=2828"},{"taxonomy":"post_tag","embeddable":true,"href":"https:\/\/laclassedulama.fr\/blog\/wp-json\/wp\/v2\/tags?post=2828"}],"curies":[{"name":"wp","href":"https:\/\/api.w.org\/{rel}","templated":true}]}}