{"id":760,"date":"2024-09-07T06:36:00","date_gmt":"2024-09-07T04:36:00","guid":{"rendered":"https:\/\/laclassedulama.fr\/blog\/?p=760"},"modified":"2024-09-25T06:36:33","modified_gmt":"2024-09-25T04:36:33","slug":"serge-etait-au-salon-des-editeurs-au-canope-darras-le-4-septembre","status":"publish","type":"post","link":"https:\/\/laclassedulama.fr\/blog\/2024\/09\/07\/serge-etait-au-salon-des-editeurs-au-canope-darras-le-4-septembre\/","title":{"rendered":"Serge \u00e9tait au salon des \u00e9diteurs au Canop\u00e9 d\u2019Arras le 4 septembre"},"content":{"rendered":"\n<p>L\u2019association a pr\u00e9sent\u00e9 les ressources num\u00e9riques lors du salon des \u00e9diteurs, organis\u00e9 par le CANOP\u00c9 d\u2019Arras. Nous avons pu faire des d\u00e9monstrations aux enseignants gr\u00e2ce au tr\u00e8s grand VPI mis gentiment \u00e0 disposition.<\/p>\n\n\n\n<figure class=\"wp-block-image size-large\"><img loading=\"lazy\" decoding=\"async\" width=\"1024\" height=\"768\" src=\"https:\/\/laclassedulama.fr\/blog\/wp-content\/uploads\/2024\/09\/img_1070-1024x768.jpg\" class=\"wp-image-756\" srcset=\"https:\/\/laclassedulama.fr\/blog\/wp-content\/uploads\/2024\/09\/img_1070-1024x768.jpg 1024w, https:\/\/laclassedulama.fr\/blog\/wp-content\/uploads\/2024\/09\/img_1070-300x225.jpg 300w, https:\/\/laclassedulama.fr\/blog\/wp-content\/uploads\/2024\/09\/img_1070-768x576.jpg 768w, https:\/\/laclassedulama.fr\/blog\/wp-content\/uploads\/2024\/09\/img_1070-1536x1152.jpg 1536w, https:\/\/laclassedulama.fr\/blog\/wp-content\/uploads\/2024\/09\/img_1070-2048x1536.jpg 2048w\" sizes=\"auto, (max-width: 1024px) 100vw, 1024px\" \/><\/figure>\n\n\n\n<figure class=\"wp-block-image size-large\"><img loading=\"lazy\" decoding=\"async\" width=\"1024\" height=\"768\" src=\"https:\/\/laclassedulama.fr\/blog\/wp-content\/uploads\/2024\/09\/img_1074-1024x768.jpg\" class=\"wp-image-757\" srcset=\"https:\/\/laclassedulama.fr\/blog\/wp-content\/uploads\/2024\/09\/img_1074-1024x768.jpg 1024w, https:\/\/laclassedulama.fr\/blog\/wp-content\/uploads\/2024\/09\/img_1074-300x225.jpg 300w, https:\/\/laclassedulama.fr\/blog\/wp-content\/uploads\/2024\/09\/img_1074-768x576.jpg 768w, https:\/\/laclassedulama.fr\/blog\/wp-content\/uploads\/2024\/09\/img_1074-1536x1152.jpg 1536w, https:\/\/laclassedulama.fr\/blog\/wp-content\/uploads\/2024\/09\/img_1074-2048x1536.jpg 2048w\" sizes=\"auto, (max-width: 1024px) 100vw, 1024px\" \/><figcaption class=\"wp-element-caption\">Rencontre avec les copains de PrimTux<\/figcaption><\/figure>\n\n\n\n<figure class=\"wp-block-image size-large\"><img loading=\"lazy\" decoding=\"async\" width=\"768\" height=\"1024\" src=\"https:\/\/laclassedulama.fr\/blog\/wp-content\/uploads\/2024\/09\/img_1076-768x1024.jpg\" class=\"wp-image-758\" srcset=\"https:\/\/laclassedulama.fr\/blog\/wp-content\/uploads\/2024\/09\/img_1076-768x1024.jpg 768w, https:\/\/laclassedulama.fr\/blog\/wp-content\/uploads\/2024\/09\/img_1076-225x300.jpg 225w, https:\/\/laclassedulama.fr\/blog\/wp-content\/uploads\/2024\/09\/img_1076-1152x1536.jpg 1152w, https:\/\/laclassedulama.fr\/blog\/wp-content\/uploads\/2024\/09\/img_1076-1536x2048.jpg 1536w, https:\/\/laclassedulama.fr\/blog\/wp-content\/uploads\/2024\/09\/img_1076-scaled.jpg 1920w\" sizes=\"auto, (max-width: 768px) 100vw, 768px\" \/><figcaption class=\"wp-element-caption\">Joli cadeau des copains de PrimTux : un petit lama qui s\u2019amusera avec Serge<\/figcaption><\/figure>\n\n\n\n<figure class=\"wp-block-image size-large\"><img loading=\"lazy\" decoding=\"async\" width=\"768\" height=\"1024\" src=\"https:\/\/laclassedulama.fr\/blog\/wp-content\/uploads\/2024\/09\/img_1071-768x1024.jpg\" class=\"wp-image-759\" srcset=\"https:\/\/laclassedulama.fr\/blog\/wp-content\/uploads\/2024\/09\/img_1071-768x1024.jpg 768w, https:\/\/laclassedulama.fr\/blog\/wp-content\/uploads\/2024\/09\/img_1071-225x300.jpg 225w, https:\/\/laclassedulama.fr\/blog\/wp-content\/uploads\/2024\/09\/img_1071-1152x1536.jpg 1152w, https:\/\/laclassedulama.fr\/blog\/wp-content\/uploads\/2024\/09\/img_1071-1536x2048.jpg 1536w, https:\/\/laclassedulama.fr\/blog\/wp-content\/uploads\/2024\/09\/img_1071-scaled.jpg 1920w\" sizes=\"auto, (max-width: 768px) 100vw, 768px\" \/><figcaption class=\"wp-element-caption\">Easytis a pens\u00e9 \u00e0 moi : on a eu les fameuses tongs !!!<\/figcaption><\/figure>\n","protected":false},"excerpt":{"rendered":"<p>L\u2019association a pr\u00e9sent\u00e9 les ressources num\u00e9riques lors du salon des \u00e9diteurs, organis\u00e9 par le CANOP\u00c9 d\u2019Arras. Nous avons pu faire des d\u00e9monstrations aux enseignants gr\u00e2ce au tr\u00e8s grand VPI mis gentiment \u00e0 disposition.<\/p>\n","protected":false},"author":1,"featured_media":756,"comment_status":"closed","ping_status":"open","sticky":false,"template":"","format":"standard","meta":{"footnotes":""},"categories":[1],"tags":[],"class_list":["post-760","post","type-post","status-publish","format-standard","has-post-thumbnail","hentry","category-non-classe"],"_links":{"self":[{"href":"https:\/\/laclassedulama.fr\/blog\/wp-json\/wp\/v2\/posts\/760","targetHints":{"allow":["GET"]}}],"collection":[{"href":"https:\/\/laclassedulama.fr\/blog\/wp-json\/wp\/v2\/posts"}],"about":[{"href":"https:\/\/laclassedulama.fr\/blog\/wp-json\/wp\/v2\/types\/post"}],"author":[{"embeddable":true,"href":"https:\/\/laclassedulama.fr\/blog\/wp-json\/wp\/v2\/users\/1"}],"replies":[{"embeddable":true,"href":"https:\/\/laclassedulama.fr\/blog\/wp-json\/wp\/v2\/comments?post=760"}],"version-history":[{"count":1,"href":"https:\/\/laclassedulama.fr\/blog\/wp-json\/wp\/v2\/posts\/760\/revisions"}],"predecessor-version":[{"id":761,"href":"https:\/\/laclassedulama.fr\/blog\/wp-json\/wp\/v2\/posts\/760\/revisions\/761"}],"wp:featuredmedia":[{"embeddable":true,"href":"https:\/\/laclassedulama.fr\/blog\/wp-json\/wp\/v2\/media\/756"}],"wp:attachment":[{"href":"https:\/\/laclassedulama.fr\/blog\/wp-json\/wp\/v2\/media?parent=760"}],"wp:term":[{"taxonomy":"category","embeddable":true,"href":"https:\/\/laclassedulama.fr\/blog\/wp-json\/wp\/v2\/categories?post=760"},{"taxonomy":"post_tag","embeddable":true,"href":"https:\/\/laclassedulama.fr\/blog\/wp-json\/wp\/v2\/tags?post=760"}],"curies":[{"name":"wp","href":"https:\/\/api.w.org\/{rel}","templated":true}]}}